{"id":11845,"date":"2025-06-30T17:32:19","date_gmt":"2025-06-30T15:32:19","guid":{"rendered":"https:\/\/www.sensesatlas.com\/?p=11845"},"modified":"2025-06-30T20:52:25","modified_gmt":"2025-06-30T18:52:25","slug":"la-fin-des-totems-publicitaires","status":"publish","type":"post","link":"https:\/\/www.sensesatlas.com\/fr\/la-fin-des-totems-publicitaires\/","title":{"rendered":"La fin des totems publicitaires"},"content":{"rendered":"\t\t<div data-elementor-type=\"wp-post\" data-elementor-id=\"11845\" class=\"elementor elementor-11845\">\n\t\t\t\t\t\t<section class=\"elementor-section elementor-top-section elementor-element elementor-element-66aeebb elementor-section-boxed elementor-section-height-default elementor-section-height-default jltma-glass-effect-no\" data-id=\"66aeebb\" data-element_type=\"section\">\n\t\t\t\t\t\t<div class=\"elementor-container elementor-column-gap-default\">\n\t\t\t\t\t<div class=\"elementor-column elementor-col-100 elementor-top-column elementor-element elementor-element-3b98939 jltma-glass-effect-no\" data-id=\"3b98939\" data-element_type=\"column\">\n\t\t\t<div class=\"elementor-widget-wrap elementor-element-populated\">\n\t\t\t\t\t\t<div class=\"elementor-element elementor-element-01e84db jltma-glass-effect-no elementor-widget elementor-widget-heading\" data-id=\"01e84db\" data-element_type=\"widget\" data-widget_type=\"heading.default\">\n\t\t\t\t<div class=\"elementor-widget-container\">\n\t\t\t\t\t<h2 class=\"elementor-heading-title elementor-size-default\">La fin des totems publicitaires<\/h2>\t\t\t\t<\/div>\n\t\t\t\t<\/div>\n\t\t\t\t<div class=\"elementor-element elementor-element-9538af2 jltma-glass-effect-no elementor-widget elementor-widget-text-editor\" data-id=\"9538af2\" data-element_type=\"widget\" data-widget_type=\"text-editor.default\">\n\t\t\t\t<div class=\"elementor-widget-container\">\n\t\t\t\t\t\t\t\t\t<p><em>Cette chronique fait partie d\u2019un ensemble d\u2019impressions recueillies au travers de nombreuses promenades dans la capitale Argentine. Elles sont toutes disponibles en trois langue (<\/em><strong><a href=\"https:\/\/www.sensesatlas.com\/turning-off-the-billboards\/\" target=\"_blank\" rel=\"noopener\">EN<\/a><em>,<\/em><a href=\"https:\/\/www.sensesatlas.com\/es\/apagar-las-vallas-publicitarias\/\" target=\"_blank\" rel=\"noopener\">ES<\/a><em>,<\/em>FR<\/strong><em>) et font partie du\u00a0<\/em><a href=\"https:\/\/www.sensesatlas.com\/made-in-buenos-aires\/\" target=\"_blank\" rel=\"noopener\">projet MIBA<\/a><em>\u00a0d\u00e9velopp\u00e9 sur Senses Atlas.<\/em><\/p>\t\t\t\t\t\t\t\t<\/div>\n\t\t\t\t<\/div>\n\t\t\t\t\t<\/div>\n\t\t<\/div>\n\t\t\t\t\t<\/div>\n\t\t<\/section>\n\t\t\t\t<section class=\"elementor-section elementor-top-section elementor-element elementor-element-3af3eab elementor-section-boxed elementor-section-height-default elementor-section-height-default jltma-glass-effect-no\" data-id=\"3af3eab\" data-element_type=\"section\">\n\t\t\t\t\t\t<div class=\"elementor-container elementor-column-gap-default\">\n\t\t\t\t\t<div class=\"elementor-column elementor-col-100 elementor-top-column elementor-element elementor-element-aa6a72c jltma-glass-effect-no\" data-id=\"aa6a72c\" data-element_type=\"column\">\n\t\t\t<div class=\"elementor-widget-wrap elementor-element-populated\">\n\t\t\t\t\t\t<div class=\"elementor-element elementor-element-70a2e0d jltma-glass-effect-no elementor-widget elementor-widget-text-editor\" data-id=\"70a2e0d\" data-element_type=\"widget\" data-widget_type=\"text-editor.default\">\n\t\t\t\t<div class=\"elementor-widget-container\">\n\t\t\t\t\t\t\t\t\t<p>Il est d\u00e9sormais illusoire de penser que la ville est form\u00e9e par le v\u00e9cu, les exp\u00e9riences, la volont\u00e9 des habitants. La ville est certes une machine sensorielle mais celle-ci nous \u00e9chappe. Nos 5 sens sont en permanence sollicit\u00e9s mais ils sont surtout agress\u00e9s. L\u2019impact cognitif du milieu urbain est r\u00e9el, <a href=\"https:\/\/www.sensesatlas.com\/fr\/the-dictatorship-of-noise\/\">la pollution sonore est un mal qui semble incurable<\/a>, les odeurs de pots d\u2019\u00e9chappement se m\u00ealent aux effluves des \u00e9tablissements de restauration rapide. La sensation acre qui reste coll\u00e9e sur la langue apr\u00e8s une journ\u00e9e pass\u00e9e en centre-ville, la r\u00e9sistance \u00e0 toucher n\u2019importe quel \u00e9l\u00e9ment urbain qui par nature est \u00ab\u00a0sale\u00a0\u00bb, comme si la ville \u00e9tait recouverte d\u2019une substance radioactive. Et enfin l\u2019agression visuelle permanente.<br \/>Il est difficile de s\u2019affranchir de la vue, les malvoyants en t\u00e9moignent la ville n\u2019a jamais \u00e9t\u00e9 faite pour eux, c\u2019est le danger permanent.\u00a0 La vue ne suffit d\u2019ailleurs plus, et l\u2019appel \u00e0 l\u2019ou\u00efe est plus que jamais devenu indispensable pour \u00e9voluer dans la ville, quand bien m\u00eame on tente de plus en plus de s\u2019isoler de la cacophonie ambiante.<\/p><p class=\"MsoNormal\">Buenos Aires, comme les grandes capitales de ce monde est un flux d\u2019information visuel continu. Il suffit de se balader une vingtaine de minutes dans le centre pour \u00eatre abreuv\u00e9 de signaux. Il y a une saturation de l\u2019espace urbain par des signifiants, des signal\u00e9tiques, des appels \u00e0 la consommation. L\u2019expression formelle est la surabondance de panneaux publicitaires. La contamination visuelle nocturne et diurne de ces modules infecte la ville. Le mal est tellement install\u00e9 que cela donne lieu \u00e0 diff\u00e9rentes situations urbaines, architecturales et sensorielles qui tendent \u00e0 plonger dans l\u2019absurde.<\/p>\t\t\t\t\t\t\t\t<\/div>\n\t\t\t\t<\/div>\n\t\t\t\t<div class=\"elementor-element elementor-element-b909bc0 jltma-glass-effect-no elementor-widget elementor-widget-image\" data-id=\"b909bc0\" data-element_type=\"widget\" data-widget_type=\"image.default\">\n\t\t\t\t<div class=\"elementor-widget-container\">\n\t\t\t\t\t\t\t\t\t\t\t\t\t\t\t<img fetchpriority=\"high\" decoding=\"async\" width=\"770\" height=\"320\" src=\"https:\/\/i0.wp.com\/www.sensesatlas.com\/wp-content\/uploads\/2025\/06\/Capture-decran-2025-06-24-215116-e1751297657150.jpg?fit=770%2C320&amp;ssl=1\" class=\"attachment-large size-large wp-image-11838\" alt=\"They Live - John Carpenter\" srcset=\"https:\/\/i0.wp.com\/www.sensesatlas.com\/wp-content\/uploads\/2025\/06\/Capture-decran-2025-06-24-215116-e1751297657150.jpg?w=2519&amp;ssl=1 2519w, https:\/\/i0.wp.com\/www.sensesatlas.com\/wp-content\/uploads\/2025\/06\/Capture-decran-2025-06-24-215116-e1751297657150.jpg?resize=300%2C124&amp;ssl=1 300w, https:\/\/i0.wp.com\/www.sensesatlas.com\/wp-content\/uploads\/2025\/06\/Capture-decran-2025-06-24-215116-e1751297657150.jpg?resize=1024%2C425&amp;ssl=1 1024w, https:\/\/i0.wp.com\/www.sensesatlas.com\/wp-content\/uploads\/2025\/06\/Capture-decran-2025-06-24-215116-e1751297657150.jpg?resize=768%2C319&amp;ssl=1 768w, https:\/\/i0.wp.com\/www.sensesatlas.com\/wp-content\/uploads\/2025\/06\/Capture-decran-2025-06-24-215116-e1751297657150.jpg?resize=1536%2C637&amp;ssl=1 1536w, https:\/\/i0.wp.com\/www.sensesatlas.com\/wp-content\/uploads\/2025\/06\/Capture-decran-2025-06-24-215116-e1751297657150.jpg?resize=2048%2C850&amp;ssl=1 2048w, https:\/\/i0.wp.com\/www.sensesatlas.com\/wp-content\/uploads\/2025\/06\/Capture-decran-2025-06-24-215116-e1751297657150.jpg?resize=600%2C249&amp;ssl=1 600w, https:\/\/i0.wp.com\/www.sensesatlas.com\/wp-content\/uploads\/2025\/06\/Capture-decran-2025-06-24-215116-e1751297657150.jpg?w=2310&amp;ssl=1 2310w\" sizes=\"(max-width: 770px) 100vw, 770px\" \/>\t\t\t\t\t\t\t\t\t\t\t\t\t\t\t<\/div>\n\t\t\t\t<\/div>\n\t\t\t\t<div class=\"elementor-element elementor-element-9e06c7e jltma-glass-effect-no elementor-widget elementor-widget-image\" data-id=\"9e06c7e\" data-element_type=\"widget\" data-widget_type=\"image.default\">\n\t\t\t\t<div class=\"elementor-widget-container\">\n\t\t\t\t\t\t\t\t\t\t\t\t\t\t\t<img decoding=\"async\" width=\"770\" height=\"320\" src=\"https:\/\/i0.wp.com\/www.sensesatlas.com\/wp-content\/uploads\/2025\/06\/Capture-decran-2025-06-24-222141-e1751297673250.jpg?fit=770%2C320&amp;ssl=1\" class=\"attachment-large size-large wp-image-11839\" alt=\"They Live - John Carpenter\" srcset=\"https:\/\/i0.wp.com\/www.sensesatlas.com\/wp-content\/uploads\/2025\/06\/Capture-decran-2025-06-24-222141-e1751297673250.jpg?w=2519&amp;ssl=1 2519w, https:\/\/i0.wp.com\/www.sensesatlas.com\/wp-content\/uploads\/2025\/06\/Capture-decran-2025-06-24-222141-e1751297673250.jpg?resize=300%2C125&amp;ssl=1 300w, https:\/\/i0.wp.com\/www.sensesatlas.com\/wp-content\/uploads\/2025\/06\/Capture-decran-2025-06-24-222141-e1751297673250.jpg?resize=1024%2C426&amp;ssl=1 1024w, https:\/\/i0.wp.com\/www.sensesatlas.com\/wp-content\/uploads\/2025\/06\/Capture-decran-2025-06-24-222141-e1751297673250.jpg?resize=768%2C320&amp;ssl=1 768w, https:\/\/i0.wp.com\/www.sensesatlas.com\/wp-content\/uploads\/2025\/06\/Capture-decran-2025-06-24-222141-e1751297673250.jpg?resize=1536%2C640&amp;ssl=1 1536w, https:\/\/i0.wp.com\/www.sensesatlas.com\/wp-content\/uploads\/2025\/06\/Capture-decran-2025-06-24-222141-e1751297673250.jpg?resize=2048%2C853&amp;ssl=1 2048w, https:\/\/i0.wp.com\/www.sensesatlas.com\/wp-content\/uploads\/2025\/06\/Capture-decran-2025-06-24-222141-e1751297673250.jpg?resize=600%2C250&amp;ssl=1 600w, https:\/\/i0.wp.com\/www.sensesatlas.com\/wp-content\/uploads\/2025\/06\/Capture-decran-2025-06-24-222141-e1751297673250.jpg?w=2310&amp;ssl=1 2310w\" sizes=\"(max-width: 770px) 100vw, 770px\" \/>\t\t\t\t\t\t\t\t\t\t\t\t\t\t\t<\/div>\n\t\t\t\t<\/div>\n\t\t\t\t<div class=\"elementor-element elementor-element-4d1165d jltma-glass-effect-no elementor-widget elementor-widget-heading\" data-id=\"4d1165d\" data-element_type=\"widget\" data-widget_type=\"heading.default\">\n\t\t\t\t<div class=\"elementor-widget-container\">\n\t\t\t\t\t<h6 class=\"elementor-heading-title elementor-size-default\">They Live (1988) - John Carpenter<\/h6>\t\t\t\t<\/div>\n\t\t\t\t<\/div>\n\t\t\t\t<div class=\"elementor-element elementor-element-a179903 jltma-glass-effect-no elementor-widget elementor-widget-text-editor\" data-id=\"a179903\" data-element_type=\"widget\" data-widget_type=\"text-editor.default\">\n\t\t\t\t<div class=\"elementor-widget-container\">\n\t\t\t\t\t\t\t\t\t<p>C\u2019est tout d\u2019abord une question de diversit\u00e9 d\u2019\u00e9chelle. Du simple Carapantalla Municipal d\u20191.5mx1m, aux publicit\u00e9s d\u2019arr\u00eat de bus, en passant par les panneaux leds des th\u00e9\u00e2tres de la ville et des imposants panneaux publicitaires en 7x7m le long des avenues, ou encore des larges affiches d\u00e9ploy\u00e9es sur les<em> medianeras<\/em> aveugles, jusqu\u2019aux panneaux gigantesques mont\u00e9s sur colonnes le long de la General Paz. Chaque \u00e9tendue d\u2019espace est exploit\u00e9e.<br \/>Cette prolif\u00e9ration cr\u00e9e une sensation de saturation mais \u00e9limine aussi toute illusion d\u2019unit\u00e9 urbaine. Les panneaux bariol\u00e9s de couleurs satur\u00e9es se d\u00e9ploient dans toutes les dimensions, chacun devant s\u2019imprimer au plus profond de notre r\u00e9tine. Cet exc\u00e8s chromatique a pour cons\u00e9quence de confondre l\u2019usager. Les informations essentielles, tels les couleurs des panneaux et les s\u00e9maphores se diluent derri\u00e8re la mosa\u00efque de publicit\u00e9s. La ville est devenue une palette de couleur criarde, surplomb\u00e9es de messages incitant en permanence \u00e0 la consommation.<\/p>\t\t\t\t\t\t\t\t<\/div>\n\t\t\t\t<\/div>\n\t\t\t\t<div class=\"elementor-element elementor-element-dc37cd2 jltma-glass-effect-no elementor-widget elementor-widget-image\" data-id=\"dc37cd2\" data-element_type=\"widget\" data-widget_type=\"image.default\">\n\t\t\t\t<div class=\"elementor-widget-container\">\n\t\t\t\t\t\t\t\t\t\t\t\t\t\t\t<img decoding=\"async\" width=\"770\" height=\"735\" src=\"https:\/\/i0.wp.com\/www.sensesatlas.com\/wp-content\/uploads\/2025\/06\/screencapture-dysmediagroup-2025-06-23-16_01_49-1.jpg?fit=770%2C735&amp;ssl=1\" class=\"attachment-large size-large wp-image-11840\" alt=\"\" srcset=\"https:\/\/i0.wp.com\/www.sensesatlas.com\/wp-content\/uploads\/2025\/06\/screencapture-dysmediagroup-2025-06-23-16_01_49-1.jpg?w=1741&amp;ssl=1 1741w, https:\/\/i0.wp.com\/www.sensesatlas.com\/wp-content\/uploads\/2025\/06\/screencapture-dysmediagroup-2025-06-23-16_01_49-1.jpg?resize=300%2C287&amp;ssl=1 300w, https:\/\/i0.wp.com\/www.sensesatlas.com\/wp-content\/uploads\/2025\/06\/screencapture-dysmediagroup-2025-06-23-16_01_49-1.jpg?resize=1024%2C978&amp;ssl=1 1024w, https:\/\/i0.wp.com\/www.sensesatlas.com\/wp-content\/uploads\/2025\/06\/screencapture-dysmediagroup-2025-06-23-16_01_49-1.jpg?resize=768%2C734&amp;ssl=1 768w, https:\/\/i0.wp.com\/www.sensesatlas.com\/wp-content\/uploads\/2025\/06\/screencapture-dysmediagroup-2025-06-23-16_01_49-1.jpg?resize=1536%2C1467&amp;ssl=1 1536w, https:\/\/i0.wp.com\/www.sensesatlas.com\/wp-content\/uploads\/2025\/06\/screencapture-dysmediagroup-2025-06-23-16_01_49-1.jpg?resize=600%2C573&amp;ssl=1 600w\" sizes=\"(max-width: 770px) 100vw, 770px\" \/>\t\t\t\t\t\t\t\t\t\t\t\t\t\t\t<\/div>\n\t\t\t\t<\/div>\n\t\t\t\t<div class=\"elementor-element elementor-element-8247f13 jltma-glass-effect-no elementor-widget elementor-widget-heading\" data-id=\"8247f13\" data-element_type=\"widget\" data-widget_type=\"heading.default\">\n\t\t\t\t<div class=\"elementor-widget-container\">\n\t\t\t\t\t<h6 class=\"elementor-heading-title elementor-size-default\">Capture d'\u00e9cran du site internet de D&amp;S MediaGroup Website - Publicitaire \u00e0 Buenos Aires<\/h6>\t\t\t\t<\/div>\n\t\t\t\t<\/div>\n\t\t\t\t<div class=\"elementor-element elementor-element-e1df93f jltma-glass-effect-no elementor-widget elementor-widget-text-editor\" data-id=\"e1df93f\" data-element_type=\"widget\" data-widget_type=\"text-editor.default\">\n\t\t\t\t<div class=\"elementor-widget-container\">\n\t\t\t\t\t\t\t\t\t<p>Ces structures publicitaires en viennent \u00e0 d\u00e9vorer le paysage architectural de la ville. Ils recouvrent, cachent, \u00e9crasent les b\u00e2timents, qu\u2019ils s\u2019agissent des maisons de Saavedra qui bordent la General Paz ou les h\u00f4tels de la 9 de Julio, en passant par les th\u00e9\u00e2tres de l\u2019avenue Corrientes. Nous ne sommes plus dans la m\u00e9taphore, les structures m\u00e9talliques soutenant les larges affiches pullulent sur les toitures de b\u00e2timents qui sont deux fois moins haut que le message qu\u2019ils supportent. Une diff\u00e9rence de gabarit et une hi\u00e9rarchisation spatiale illustrant un certain ordre de priorit\u00e9\u00a0: le consum\u00e9risme est plus important (et vient au-dessus) de l\u2019habitant.<\/p><p>\u00a0<\/p><p>Ce flirt avec l\u2019overdose virtuelle prend vie sur les avenues de la ville, \u00e0 intervalle presque r\u00e9guliers l\u2019automobiliste ou le voyageur voit les panneaux d\u00e9filer, les bus qu\u2019on pouvait remarquer par leur couleurs remarquables et distinctifs traversent d\u00e9sormais la ville en l\u2019inondant de messages publicitaires incitant \u00e0 parier ou \u00e0 perdre son argent dans des formations douteuses, les nouveaux panneaux leds qui fleurissent de plus en plus d\u00e9gueulent d\u2019animation publicitaire plus ou moins maitris\u00e9es qui nous refusent l\u2019obscurit\u00e9. Dans la ville le signal visuel n\u2019est pas que statique, il s\u2019est mis en mouvement pour nous accompagner, nous pr\u00e9c\u00e9der et nous suivre. L\u2019\u00e9chappatoire semble impossible.<\/p><p>\u00a0<\/p><p>Et pourtant, pendant le covid, la route nationale A002 qui relie Ezeiza \u00e0 la capitale \u00e9tait vid\u00e9e de ses voitures mais aussi des grands panneaux publicitaires, il ne restait que le cadre vid\u00e9 de ses affiches, une situation \u00e9trangement apaisante. Dans la ville on aper\u00e7oit aussi \u00e7a et l\u00e0 (c\u2019est le cas par exemple depuis des ann\u00e9es \u00e0 la sortie de la station de m\u00e9tro Las Heras) d\u2019immenses panneaux noirs qui semblent attendre une future location de l\u2019espace publicitaire, mais qui en attendant invite au repos visuel. Ces grands \u00e9crans donnent le r\u00e9confort d\u2019une t\u00e9l\u00e9vision \u00e9teinte et l\u2019illusion d\u2019une ville sans publicit\u00e9.<\/p>\t\t\t\t\t\t\t\t<\/div>\n\t\t\t\t<\/div>\n\t\t\t\t<div class=\"elementor-element elementor-element-0ccd874 jltma-glass-effect-no elementor-widget elementor-widget-image\" data-id=\"0ccd874\" data-element_type=\"widget\" data-widget_type=\"image.default\">\n\t\t\t\t<div class=\"elementor-widget-container\">\n\t\t\t\t\t\t\t\t\t\t\t\t\t\t\t<img loading=\"lazy\" decoding=\"async\" width=\"770\" height=\"403\" src=\"https:\/\/i0.wp.com\/www.sensesatlas.com\/wp-content\/uploads\/2025\/06\/Sans-titre-2-e1751296171416.jpg?fit=770%2C403&amp;ssl=1\" class=\"attachment-large size-large wp-image-11841\" alt=\"Turning off the Billboards Buenos Aires\" srcset=\"https:\/\/i0.wp.com\/www.sensesatlas.com\/wp-content\/uploads\/2025\/06\/Sans-titre-2-e1751296171416.jpg?w=1852&amp;ssl=1 1852w, https:\/\/i0.wp.com\/www.sensesatlas.com\/wp-content\/uploads\/2025\/06\/Sans-titre-2-e1751296171416.jpg?resize=300%2C157&amp;ssl=1 300w, https:\/\/i0.wp.com\/www.sensesatlas.com\/wp-content\/uploads\/2025\/06\/Sans-titre-2-e1751296171416.jpg?resize=1024%2C536&amp;ssl=1 1024w, https:\/\/i0.wp.com\/www.sensesatlas.com\/wp-content\/uploads\/2025\/06\/Sans-titre-2-e1751296171416.jpg?resize=768%2C402&amp;ssl=1 768w, https:\/\/i0.wp.com\/www.sensesatlas.com\/wp-content\/uploads\/2025\/06\/Sans-titre-2-e1751296171416.jpg?resize=1536%2C804&amp;ssl=1 1536w, https:\/\/i0.wp.com\/www.sensesatlas.com\/wp-content\/uploads\/2025\/06\/Sans-titre-2-e1751296171416.jpg?resize=600%2C314&amp;ssl=1 600w\" sizes=\"(max-width: 770px) 100vw, 770px\" \/>\t\t\t\t\t\t\t\t\t\t\t\t\t\t\t<\/div>\n\t\t\t\t<\/div>\n\t\t\t\t<div class=\"elementor-element elementor-element-c5f5f64 jltma-glass-effect-no elementor-widget elementor-widget-heading\" data-id=\"c5f5f64\" data-element_type=\"widget\" data-widget_type=\"heading.default\">\n\t\t\t\t<div class=\"elementor-widget-container\">\n\t\t\t\t\t<h6 class=\"elementor-heading-title elementor-size-default\">Turning off the Billboards (Buenos Aires - ongoing)<\/h6>\t\t\t\t<\/div>\n\t\t\t\t<\/div>\n\t\t\t\t\t<\/div>\n\t\t<\/div>\n\t\t\t\t\t<\/div>\n\t\t<\/section>\n\t\t\t\t<section class=\"elementor-section elementor-top-section elementor-element elementor-element-befc22d elementor-section-boxed elementor-section-height-default elementor-section-height-default jltma-glass-effect-no\" data-id=\"befc22d\" data-element_type=\"section\">\n\t\t\t\t\t\t<div class=\"elementor-container elementor-column-gap-default\">\n\t\t\t\t\t<div class=\"elementor-column elementor-col-100 elementor-top-column elementor-element elementor-element-7063551 jltma-glass-effect-no\" data-id=\"7063551\" data-element_type=\"column\">\n\t\t\t<div class=\"elementor-widget-wrap elementor-element-populated\">\n\t\t\t\t\t\t<div class=\"elementor-element elementor-element-dd46f39 jltma-glass-effect-no elementor-widget elementor-widget-text-editor\" data-id=\"dd46f39\" data-element_type=\"widget\" data-widget_type=\"text-editor.default\">\n\t\t\t\t<div class=\"elementor-widget-container\">\n\t\t\t\t\t\t\t\t\t<h5>MIBA<\/h5>\t\t\t\t\t\t\t\t<\/div>\n\t\t\t\t<\/div>\n\t\t\t\t\t<\/div>\n\t\t<\/div>\n\t\t\t\t\t<\/div>\n\t\t<\/section>\n\t\t\t\t<\/div>\n\t\t","protected":false},"excerpt":{"rendered":"<p>Cette chronique fait partie d\u2019un ensemble d\u2019impressions recueillies au travers de nombreuses promenades dans la capitale Argentine. Elles sont toutes disponibles en trois langue (EN,ES,FR) et font partie du\u00a0projet MIBA\u00a0d\u00e9velopp\u00e9 sur Senses Atlas.<\/p>\n","protected":false},"author":1,"featured_media":11847,"comment_status":"open","ping_status":"open","sticky":false,"template":"","format":"standard","meta":{"_acf_changed":false,"_monsterinsights_skip_tracking":false,"_monsterinsights_sitenote_active":false,"_monsterinsights_sitenote_note":"","_monsterinsights_sitenote_category":0,"_locale":"fr_FR","_original_post":"https:\/\/www.sensesatlas.com\/?p=11835","_jetpack_memberships_contains_paid_content":false,"footnotes":""},"categories":[861],"tags":[],"class_list":["post-11845","post","type-post","status-publish","format-standard","has-post-thumbnail","hentry","category-miba","fr-FR"],"acf":[],"yoast_head":"<!-- This site is optimized with the Yoast SEO plugin v25.6 - https:\/\/yoast.com\/wordpress\/plugins\/seo\/ -->\n<title>La fin des totems publicitaires - Senses Atlas<\/title>\n<meta name=\"description\" content=\"Senses Atlas is a collection of visual archives aimed at developing a sensitive approach in our consumption of content\" \/>\n<meta name=\"robots\" content=\"index, follow, max-snippet:-1, max-image-preview:large, max-video-preview:-1\" \/>\n<link rel=\"canonical\" href=\"https:\/\/www.sensesatlas.com\/fr\/la-fin-des-totems-publicitaires\/\" \/>\n<meta property=\"og:locale\" content=\"fr_FR\" \/>\n<meta property=\"og:type\" content=\"article\" \/>\n<meta property=\"og:title\" content=\"La fin des totems publicitaires - Senses Atlas\" \/>\n<meta property=\"og:description\" content=\"Senses Atlas is a collection of visual archives aimed at developing a sensitive approach in our consumption of content\" \/>\n<meta property=\"og:url\" content=\"https:\/\/www.sensesatlas.com\/fr\/la-fin-des-totems-publicitaires\/\" \/>\n<meta property=\"og:site_name\" content=\"Senses Atlas\" \/>\n<meta property=\"article:published_time\" content=\"2025-06-30T15:32:19+00:00\" \/>\n<meta property=\"article:modified_time\" content=\"2025-06-30T18:52:25+00:00\" \/>\n<meta property=\"og:image\" content=\"https:\/\/www.sensesatlas.com\/wp-content\/uploads\/2025\/06\/DSCF6697.jpg\" \/>\n\t<meta property=\"og:image:width\" content=\"730\" \/>\n\t<meta property=\"og:image:height\" content=\"730\" \/>\n\t<meta property=\"og:image:type\" content=\"image\/jpeg\" \/>\n<meta name=\"author\" content=\"Senses Atlas\" \/>\n<meta name=\"twitter:card\" content=\"summary_large_image\" \/>\n<meta name=\"twitter:creator\" content=\"@SensesAtlas\" \/>\n<meta name=\"twitter:site\" content=\"@SensesAtlas\" \/>\n<meta name=\"twitter:label1\" content=\"\u00c9crit par\" \/>\n\t<meta name=\"twitter:data1\" content=\"Senses Atlas\" \/>\n\t<meta name=\"twitter:label2\" content=\"Dur\u00e9e de lecture estim\u00e9e\" \/>\n\t<meta name=\"twitter:data2\" content=\"5 minutes\" \/>\n<script type=\"application\/ld+json\" class=\"yoast-schema-graph\">{\"@context\":\"https:\/\/schema.org\",\"@graph\":[{\"@type\":\"Article\",\"@id\":\"https:\/\/www.sensesatlas.com\/fr\/la-fin-des-totems-publicitaires\/#article\",\"isPartOf\":{\"@id\":\"https:\/\/www.sensesatlas.com\/fr\/la-fin-des-totems-publicitaires\/\"},\"author\":{\"name\":\"Senses Atlas\",\"@id\":\"https:\/\/www.sensesatlas.com\/#\/schema\/person\/2ee01cf1749f5485410d4f8eb734ec92\"},\"headline\":\"La fin des totems publicitaires\",\"datePublished\":\"2025-06-30T15:32:19+00:00\",\"dateModified\":\"2025-06-30T18:52:25+00:00\",\"mainEntityOfPage\":{\"@id\":\"https:\/\/www.sensesatlas.com\/fr\/la-fin-des-totems-publicitaires\/\"},\"wordCount\":898,\"commentCount\":0,\"publisher\":{\"@id\":\"https:\/\/www.sensesatlas.com\/#organization\"},\"image\":{\"@id\":\"https:\/\/www.sensesatlas.com\/fr\/la-fin-des-totems-publicitaires\/#primaryimage\"},\"thumbnailUrl\":\"https:\/\/i0.wp.com\/www.sensesatlas.com\/wp-content\/uploads\/2025\/06\/DSCF6697.jpg?fit=730%2C730&ssl=1\",\"articleSection\":[\"MIBA\"],\"inLanguage\":\"fr-FR\",\"potentialAction\":[{\"@type\":\"CommentAction\",\"name\":\"Comment\",\"target\":[\"https:\/\/www.sensesatlas.com\/fr\/la-fin-des-totems-publicitaires\/#respond\"]}]},{\"@type\":\"WebPage\",\"@id\":\"https:\/\/www.sensesatlas.com\/fr\/la-fin-des-totems-publicitaires\/\",\"url\":\"https:\/\/www.sensesatlas.com\/fr\/la-fin-des-totems-publicitaires\/\",\"name\":\"La fin des totems publicitaires - Senses Atlas\",\"isPartOf\":{\"@id\":\"https:\/\/www.sensesatlas.com\/#website\"},\"primaryImageOfPage\":{\"@id\":\"https:\/\/www.sensesatlas.com\/fr\/la-fin-des-totems-publicitaires\/#primaryimage\"},\"image\":{\"@id\":\"https:\/\/www.sensesatlas.com\/fr\/la-fin-des-totems-publicitaires\/#primaryimage\"},\"thumbnailUrl\":\"https:\/\/i0.wp.com\/www.sensesatlas.com\/wp-content\/uploads\/2025\/06\/DSCF6697.jpg?fit=730%2C730&ssl=1\",\"datePublished\":\"2025-06-30T15:32:19+00:00\",\"dateModified\":\"2025-06-30T18:52:25+00:00\",\"description\":\"Senses Atlas is a collection of visual archives aimed at developing a sensitive approach in our consumption of content\",\"breadcrumb\":{\"@id\":\"https:\/\/www.sensesatlas.com\/fr\/la-fin-des-totems-publicitaires\/#breadcrumb\"},\"inLanguage\":\"fr-FR\",\"potentialAction\":[{\"@type\":\"ReadAction\",\"target\":[\"https:\/\/www.sensesatlas.com\/fr\/la-fin-des-totems-publicitaires\/\"]}]},{\"@type\":\"ImageObject\",\"inLanguage\":\"fr-FR\",\"@id\":\"https:\/\/www.sensesatlas.com\/fr\/la-fin-des-totems-publicitaires\/#primaryimage\",\"url\":\"https:\/\/i0.wp.com\/www.sensesatlas.com\/wp-content\/uploads\/2025\/06\/DSCF6697.jpg?fit=730%2C730&ssl=1\",\"contentUrl\":\"https:\/\/i0.wp.com\/www.sensesatlas.com\/wp-content\/uploads\/2025\/06\/DSCF6697.jpg?fit=730%2C730&ssl=1\",\"width\":730,\"height\":730,\"caption\":\"Billboards Buenos Aires Vallas Publicitarias\"},{\"@type\":\"BreadcrumbList\",\"@id\":\"https:\/\/www.sensesatlas.com\/fr\/la-fin-des-totems-publicitaires\/#breadcrumb\",\"itemListElement\":[{\"@type\":\"ListItem\",\"position\":1,\"name\":\"Home\",\"item\":\"https:\/\/www.sensesatlas.com\/\"},{\"@type\":\"ListItem\",\"position\":2,\"name\":\"La fin des totems publicitaires\"}]},{\"@type\":\"WebSite\",\"@id\":\"https:\/\/www.sensesatlas.com\/#website\",\"url\":\"https:\/\/www.sensesatlas.com\/\",\"name\":\"Senses Atlas\",\"description\":\"\",\"publisher\":{\"@id\":\"https:\/\/www.sensesatlas.com\/#organization\"},\"potentialAction\":[{\"@type\":\"SearchAction\",\"target\":{\"@type\":\"EntryPoint\",\"urlTemplate\":\"https:\/\/www.sensesatlas.com\/?s={search_term_string}\"},\"query-input\":{\"@type\":\"PropertyValueSpecification\",\"valueRequired\":true,\"valueName\":\"search_term_string\"}}],\"inLanguage\":\"fr-FR\"},{\"@type\":\"Organization\",\"@id\":\"https:\/\/www.sensesatlas.com\/#organization\",\"name\":\"Senses Atlas\",\"url\":\"https:\/\/www.sensesatlas.com\/\",\"logo\":{\"@type\":\"ImageObject\",\"inLanguage\":\"fr-FR\",\"@id\":\"https:\/\/www.sensesatlas.com\/#\/schema\/logo\/image\/\",\"url\":\"https:\/\/i2.wp.com\/www.sensesatlas.com\/wp-content\/uploads\/2020\/04\/logo-e1587834773280.png?fit=512%2C512&ssl=1\",\"contentUrl\":\"https:\/\/i2.wp.com\/www.sensesatlas.com\/wp-content\/uploads\/2020\/04\/logo-e1587834773280.png?fit=512%2C512&ssl=1\",\"width\":512,\"height\":512,\"caption\":\"Senses Atlas\"},\"image\":{\"@id\":\"https:\/\/www.sensesatlas.com\/#\/schema\/logo\/image\/\"},\"sameAs\":[\"https:\/\/x.com\/SensesAtlas\",\"https:\/\/www.instagram.com\/sensesatlas\/\"]},{\"@type\":\"Person\",\"@id\":\"https:\/\/www.sensesatlas.com\/#\/schema\/person\/2ee01cf1749f5485410d4f8eb734ec92\",\"name\":\"Senses Atlas\",\"image\":{\"@type\":\"ImageObject\",\"inLanguage\":\"fr-FR\",\"@id\":\"https:\/\/www.sensesatlas.com\/#\/schema\/person\/image\/\",\"url\":\"https:\/\/secure.gravatar.com\/avatar\/66689e4fce1b9b8115bdc52946e9ae7a?s=96&d=blank&r=g\",\"contentUrl\":\"https:\/\/secure.gravatar.com\/avatar\/66689e4fce1b9b8115bdc52946e9ae7a?s=96&d=blank&r=g\",\"caption\":\"Senses Atlas\"}}]}<\/script>\n<!-- \/ Yoast SEO plugin. -->","yoast_head_json":{"title":"La fin des totems publicitaires - Senses Atlas","description":"Senses Atlas is a collection of visual archives aimed at developing a sensitive approach in our consumption of content","robots":{"index":"index","follow":"follow","max-snippet":"max-snippet:-1","max-image-preview":"max-image-preview:large","max-video-preview":"max-video-preview:-1"},"canonical":"https:\/\/www.sensesatlas.com\/fr\/la-fin-des-totems-publicitaires\/","og_locale":"fr_FR","og_type":"article","og_title":"La fin des totems publicitaires - Senses Atlas","og_description":"Senses Atlas is a collection of visual archives aimed at developing a sensitive approach in our consumption of content","og_url":"https:\/\/www.sensesatlas.com\/fr\/la-fin-des-totems-publicitaires\/","og_site_name":"Senses Atlas","article_published_time":"2025-06-30T15:32:19+00:00","article_modified_time":"2025-06-30T18:52:25+00:00","og_image":[{"width":730,"height":730,"url":"https:\/\/www.sensesatlas.com\/wp-content\/uploads\/2025\/06\/DSCF6697.jpg","type":"image\/jpeg"}],"author":"Senses Atlas","twitter_card":"summary_large_image","twitter_creator":"@SensesAtlas","twitter_site":"@SensesAtlas","twitter_misc":{"\u00c9crit par":"Senses Atlas","Dur\u00e9e de lecture estim\u00e9e":"5 minutes"},"schema":{"@context":"https:\/\/schema.org","@graph":[{"@type":"Article","@id":"https:\/\/www.sensesatlas.com\/fr\/la-fin-des-totems-publicitaires\/#article","isPartOf":{"@id":"https:\/\/www.sensesatlas.com\/fr\/la-fin-des-totems-publicitaires\/"},"author":{"name":"Senses Atlas","@id":"https:\/\/www.sensesatlas.com\/#\/schema\/person\/2ee01cf1749f5485410d4f8eb734ec92"},"headline":"La fin des totems publicitaires","datePublished":"2025-06-30T15:32:19+00:00","dateModified":"2025-06-30T18:52:25+00:00","mainEntityOfPage":{"@id":"https:\/\/www.sensesatlas.com\/fr\/la-fin-des-totems-publicitaires\/"},"wordCount":898,"commentCount":0,"publisher":{"@id":"https:\/\/www.sensesatlas.com\/#organization"},"image":{"@id":"https:\/\/www.sensesatlas.com\/fr\/la-fin-des-totems-publicitaires\/#primaryimage"},"thumbnailUrl":"https:\/\/i0.wp.com\/www.sensesatlas.com\/wp-content\/uploads\/2025\/06\/DSCF6697.jpg?fit=730%2C730&ssl=1","articleSection":["MIBA"],"inLanguage":"fr-FR","potentialAction":[{"@type":"CommentAction","name":"Comment","target":["https:\/\/www.sensesatlas.com\/fr\/la-fin-des-totems-publicitaires\/#respond"]}]},{"@type":"WebPage","@id":"https:\/\/www.sensesatlas.com\/fr\/la-fin-des-totems-publicitaires\/","url":"https:\/\/www.sensesatlas.com\/fr\/la-fin-des-totems-publicitaires\/","name":"La fin des totems publicitaires - Senses Atlas","isPartOf":{"@id":"https:\/\/www.sensesatlas.com\/#website"},"primaryImageOfPage":{"@id":"https:\/\/www.sensesatlas.com\/fr\/la-fin-des-totems-publicitaires\/#primaryimage"},"image":{"@id":"https:\/\/www.sensesatlas.com\/fr\/la-fin-des-totems-publicitaires\/#primaryimage"},"thumbnailUrl":"https:\/\/i0.wp.com\/www.sensesatlas.com\/wp-content\/uploads\/2025\/06\/DSCF6697.jpg?fit=730%2C730&ssl=1","datePublished":"2025-06-30T15:32:19+00:00","dateModified":"2025-06-30T18:52:25+00:00","description":"Senses Atlas is a collection of visual archives aimed at developing a sensitive approach in our consumption of content","breadcrumb":{"@id":"https:\/\/www.sensesatlas.com\/fr\/la-fin-des-totems-publicitaires\/#breadcrumb"},"inLanguage":"fr-FR","potentialAction":[{"@type":"ReadAction","target":["https:\/\/www.sensesatlas.com\/fr\/la-fin-des-totems-publicitaires\/"]}]},{"@type":"ImageObject","inLanguage":"fr-FR","@id":"https:\/\/www.sensesatlas.com\/fr\/la-fin-des-totems-publicitaires\/#primaryimage","url":"https:\/\/i0.wp.com\/www.sensesatlas.com\/wp-content\/uploads\/2025\/06\/DSCF6697.jpg?fit=730%2C730&ssl=1","contentUrl":"https:\/\/i0.wp.com\/www.sensesatlas.com\/wp-content\/uploads\/2025\/06\/DSCF6697.jpg?fit=730%2C730&ssl=1","width":730,"height":730,"caption":"Billboards Buenos Aires Vallas Publicitarias"},{"@type":"BreadcrumbList","@id":"https:\/\/www.sensesatlas.com\/fr\/la-fin-des-totems-publicitaires\/#breadcrumb","itemListElement":[{"@type":"ListItem","position":1,"name":"Home","item":"https:\/\/www.sensesatlas.com\/"},{"@type":"ListItem","position":2,"name":"La fin des totems publicitaires"}]},{"@type":"WebSite","@id":"https:\/\/www.sensesatlas.com\/#website","url":"https:\/\/www.sensesatlas.com\/","name":"Senses Atlas","description":"","publisher":{"@id":"https:\/\/www.sensesatlas.com\/#organization"},"potentialAction":[{"@type":"SearchAction","target":{"@type":"EntryPoint","urlTemplate":"https:\/\/www.sensesatlas.com\/?s={search_term_string}"},"query-input":{"@type":"PropertyValueSpecification","valueRequired":true,"valueName":"search_term_string"}}],"inLanguage":"fr-FR"},{"@type":"Organization","@id":"https:\/\/www.sensesatlas.com\/#organization","name":"Senses Atlas","url":"https:\/\/www.sensesatlas.com\/","logo":{"@type":"ImageObject","inLanguage":"fr-FR","@id":"https:\/\/www.sensesatlas.com\/#\/schema\/logo\/image\/","url":"https:\/\/i2.wp.com\/www.sensesatlas.com\/wp-content\/uploads\/2020\/04\/logo-e1587834773280.png?fit=512%2C512&ssl=1","contentUrl":"https:\/\/i2.wp.com\/www.sensesatlas.com\/wp-content\/uploads\/2020\/04\/logo-e1587834773280.png?fit=512%2C512&ssl=1","width":512,"height":512,"caption":"Senses Atlas"},"image":{"@id":"https:\/\/www.sensesatlas.com\/#\/schema\/logo\/image\/"},"sameAs":["https:\/\/x.com\/SensesAtlas","https:\/\/www.instagram.com\/sensesatlas\/"]},{"@type":"Person","@id":"https:\/\/www.sensesatlas.com\/#\/schema\/person\/2ee01cf1749f5485410d4f8eb734ec92","name":"Senses Atlas","image":{"@type":"ImageObject","inLanguage":"fr-FR","@id":"https:\/\/www.sensesatlas.com\/#\/schema\/person\/image\/","url":"https:\/\/secure.gravatar.com\/avatar\/66689e4fce1b9b8115bdc52946e9ae7a?s=96&d=blank&r=g","contentUrl":"https:\/\/secure.gravatar.com\/avatar\/66689e4fce1b9b8115bdc52946e9ae7a?s=96&d=blank&r=g","caption":"Senses Atlas"}}]}},"jetpack_featured_media_url":"https:\/\/i0.wp.com\/www.sensesatlas.com\/wp-content\/uploads\/2025\/06\/DSCF6697.jpg?fit=730%2C730&ssl=1","jetpack_sharing_enabled":true,"_links":{"self":[{"href":"https:\/\/www.sensesatlas.com\/wp-json\/wp\/v2\/posts\/11845"}],"collection":[{"href":"https:\/\/www.sensesatlas.com\/wp-json\/wp\/v2\/posts"}],"about":[{"href":"https:\/\/www.sensesatlas.com\/wp-json\/wp\/v2\/types\/post"}],"author":[{"embeddable":true,"href":"https:\/\/www.sensesatlas.com\/wp-json\/wp\/v2\/users\/1"}],"replies":[{"embeddable":true,"href":"https:\/\/www.sensesatlas.com\/wp-json\/wp\/v2\/comments?post=11845"}],"version-history":[{"count":19,"href":"https:\/\/www.sensesatlas.com\/wp-json\/wp\/v2\/posts\/11845\/revisions"}],"predecessor-version":[{"id":11913,"href":"https:\/\/www.sensesatlas.com\/wp-json\/wp\/v2\/posts\/11845\/revisions\/11913"}],"wp:featuredmedia":[{"embeddable":true,"href":"https:\/\/www.sensesatlas.com\/wp-json\/wp\/v2\/media\/11847"}],"wp:attachment":[{"href":"https:\/\/www.sensesatlas.com\/wp-json\/wp\/v2\/media?parent=11845"}],"wp:term":[{"taxonomy":"category","embeddable":true,"href":"https:\/\/www.sensesatlas.com\/wp-json\/wp\/v2\/categories?post=11845"},{"taxonomy":"post_tag","embeddable":true,"href":"https:\/\/www.sensesatlas.com\/wp-json\/wp\/v2\/tags?post=11845"}],"curies":[{"name":"wp","href":"https:\/\/api.w.org\/{rel}","templated":true}]}}